{"id":136,"date":"2024-03-03T10:51:24","date_gmt":"2024-03-03T09:51:24","guid":{"rendered":"https:\/\/blog.rsblogging.es\/?p=136"},"modified":"2025-05-28T08:35:49","modified_gmt":"2025-05-28T06:35:49","slug":"protestas-de-agricultores-el-1-de-marzo-en-zaragoza","status":"publish","type":"post","link":"https:\/\/blog.rsblogging.es\/index.php\/2024\/03\/03\/protestas-de-agricultores-el-1-de-marzo-en-zaragoza\/","title":{"rendered":"Protestas de agricultores el 1 de marzo en Zaragoza"},"content":{"rendered":"<p>El \u00a01 de marzo, los agricultores de Zaragoza se unieron en una protesta para expresar su descontento y exigir soluciones a los problemas que enfrenta el sector agr\u00edcola.<\/p>\n<p>Estas protestas son una respuesta a las dificultades a las que se enfrentan los agricultores en la actualidad. Entre los principales problemas se encuentran los bajos precios de los productos agr\u00edcolas, la competencia desleal de productos importados y la falta de apoyo por parte de las instituciones.<\/p>\n<p>Los agricultores consideran que las medidas tomadas hasta ahora no son suficientes para garantizar la viabilidad de sus explotaciones y asegurar un futuro pr\u00f3spero para el sector agr\u00edcola. Por eso, han decidido salir a las calles y hacer o\u00edr su voz.<\/p>\n<p>La protesta tuvo lugar en el centro de Zaragoza y se obtuvo la participaci\u00f3n de cientos de agricultores de la regi\u00f3n. Durante la manifestaci\u00f3n, se llevo a cabo diversas acciones para llamar la atenci\u00f3n sobre los problemas que enfrentan, como la entrega de un manifiesto a las autoridades competentes y la exhibici\u00f3n de pancartas con consignas claras y directas.<\/p>\n<p>Los agricultores esperan que estas protestas sirvan para sensibilizar a la sociedad sobre la importancia del sector agr\u00edcola y la necesidad de tomar medidas urgentes para garantizar su supervivencia. Adem\u00e1s, esperan que las autoridades tomen nota de sus demandas y se comprometan a trabajar en soluciones concretas.<\/p>\n<p>En resumen, los agricultores de Zaragoza se manifestaron el 1 de marzo para exigir un trato justo y condiciones favorables para el sector agr\u00edcola. Esperan que estas protestas sean el punto de partida para un cambio real y duradero en beneficio de todos los agricultores de la regi\u00f3n.<\/p>\n<p>Aqu\u00ed os dejo las im\u00e1genes mas destacadas de la movilizaci\u00f3n\u00a0<\/p>\n\n\n<figure class=\"wp-block-gallery has-nested-images columns-default is-cropped wp-block-gallery-1 is-layout-flex wp-block-gallery-is-layout-flex\">\n<figure data-wp-context=\"{&quot;imageId&quot;:&quot;69f4b47dcd99b&quot;}\" data-wp-interactive=\"core\/image\" data-wp-key=\"69f4b47dcd99b\" class=\"wp-block-image size-large wp-lightbox-container\"><img  title=\"Protestas de agricultores el 1 de marzo en Zaragoza% \u2013 tractorada_12-1024x683%\" loading=\"lazy\" decoding=\"async\" width=\"1024\" height=\"683\" data-wp-class--hide=\"state.isContentHidden\" data-wp-class--show=\"state.isContentVisible\" data-wp-init=\"callbacks.setButtonStyles\" data-wp-on--click=\"actions.showLightbox\" data-wp-on--load=\"callbacks.setButtonStyles\" data-wp-on-window--resize=\"callbacks.setButtonStyles\" data-id=\"145\" src=\"https:\/\/blog.rsblogging.es\/wp-content\/uploads\/2024\/03\/tractorada_12-1024x683.jpeg\"  alt=\"Foto de Protestas de agricultores el 1 de marzo en Zaragoza% en Blog %\"  class=\"wp-image-145\" srcset=\"https:\/\/blog.rsblogging.es\/wp-content\/uploads\/2024\/03\/tractorada_12-1024x683.jpeg 1024w, https:\/\/blog.rsblogging.es\/wp-content\/uploads\/2024\/03\/tractorada_12-300x200.jpeg 300w, https:\/\/blog.rsblogging.es\/wp-content\/uploads\/2024\/03\/tractorada_12-768x512.jpeg 768w, https:\/\/blog.rsblogging.es\/wp-content\/uploads\/2024\/03\/tractorada_12-1536x1024.jpeg 1536w, https:\/\/blog.rsblogging.es\/wp-content\/uploads\/2024\/03\/tractorada_12.jpeg 1620w\" sizes=\"auto, (max-width: 1024px) 100vw, 1024px\" \/><button\n\t\t\tclass=\"lightbox-trigger\"\n\t\t\ttype=\"button\"\n\t\t\taria-haspopup=\"dialog\"\n\t\t\taria-label=\"Agrandar\"\n\t\t\tdata-wp-init=\"callbacks.initTriggerButton\"\n\t\t\tdata-wp-on--click=\"actions.showLightbox\"\n\t\t\tdata-wp-style--right=\"state.imageButtonRight\"\n\t\t\tdata-wp-style--top=\"state.imageButtonTop\"\n\t\t>\n\t\t\t<svg xmlns=\"http:\/\/www.w3.org\/2000\/svg\" width=\"12\" height=\"12\" fill=\"none\" viewBox=\"0 0 12 12\">\n\t\t\t\t<path fill=\"#fff\" d=\"M2 0a2 2 0 0 0-2 2v2h1.5V2a.5.5 0 0 1 .5-.5h2V0H2Zm2 10.5H2a.5.5 0 0 1-.5-.5V8H0v2a2 2 0 0 0 2 2h2v-1.5ZM8 12v-1.5h2a.5.5 0 0 0 .5-.5V8H12v2a2 2 0 0 1-2 2H8Zm2-12a2 2 0 0 1 2 2v2h-1.5V2a.5.5 0 0 0-.5-.5H8V0h2Z\" \/>\n\t\t\t<\/svg>\n\t\t<\/button><\/figure>\n\n\n\n<figure data-wp-context=\"{&quot;imageId&quot;:&quot;69f4b47dcdef4&quot;}\" data-wp-interactive=\"core\/image\" data-wp-key=\"69f4b47dcdef4\" class=\"wp-block-image size-large wp-lightbox-container\"><img  title=\"Protestas de agricultores el 1 de marzo en Zaragoza% \u2013 tractorada_3-1024x683%\" loading=\"lazy\" decoding=\"async\" width=\"1024\" height=\"683\" data-wp-class--hide=\"state.isContentHidden\" data-wp-class--show=\"state.isContentVisible\" data-wp-init=\"callbacks.setButtonStyles\" data-wp-on--click=\"actions.showLightbox\" data-wp-on--load=\"callbacks.setButtonStyles\" data-wp-on-window--resize=\"callbacks.setButtonStyles\" data-id=\"142\" src=\"https:\/\/blog.rsblogging.es\/wp-content\/uploads\/2024\/03\/tractorada_3-1024x683.jpeg\"  alt=\"Foto de Protestas de agricultores el 1 de marzo en Zaragoza% en Blog %\"  class=\"wp-image-142\" srcset=\"https:\/\/blog.rsblogging.es\/wp-content\/uploads\/2024\/03\/tractorada_3-1024x683.jpeg 1024w, https:\/\/blog.rsblogging.es\/wp-content\/uploads\/2024\/03\/tractorada_3-300x200.jpeg 300w, https:\/\/blog.rsblogging.es\/wp-content\/uploads\/2024\/03\/tractorada_3-768x512.jpeg 768w, https:\/\/blog.rsblogging.es\/wp-content\/uploads\/2024\/03\/tractorada_3-1536x1024.jpeg 1536w, https:\/\/blog.rsblogging.es\/wp-content\/uploads\/2024\/03\/tractorada_3.jpeg 1620w\" sizes=\"auto, (max-width: 1024px) 100vw, 1024px\" \/><button\n\t\t\tclass=\"lightbox-trigger\"\n\t\t\ttype=\"button\"\n\t\t\taria-haspopup=\"dialog\"\n\t\t\taria-label=\"Agrandar\"\n\t\t\tdata-wp-init=\"callbacks.initTriggerButton\"\n\t\t\tdata-wp-on--click=\"actions.showLightbox\"\n\t\t\tdata-wp-style--right=\"state.imageButtonRight\"\n\t\t\tdata-wp-style--top=\"state.imageButtonTop\"\n\t\t>\n\t\t\t<svg xmlns=\"http:\/\/www.w3.org\/2000\/svg\" width=\"12\" height=\"12\" fill=\"none\" viewBox=\"0 0 12 12\">\n\t\t\t\t<path fill=\"#fff\" d=\"M2 0a2 2 0 0 0-2 2v2h1.5V2a.5.5 0 0 1 .5-.5h2V0H2Zm2 10.5H2a.5.5 0 0 1-.5-.5V8H0v2a2 2 0 0 0 2 2h2v-1.5ZM8 12v-1.5h2a.5.5 0 0 0 .5-.5V8H12v2a2 2 0 0 1-2 2H8Zm2-12a2 2 0 0 1 2 2v2h-1.5V2a.5.5 0 0 0-.5-.5H8V0h2Z\" \/>\n\t\t\t<\/svg>\n\t\t<\/button><\/figure>\n\n\n\n<figure data-wp-context=\"{&quot;imageId&quot;:&quot;69f4b47dce3f3&quot;}\" data-wp-interactive=\"core\/image\" data-wp-key=\"69f4b47dce3f3\" class=\"wp-block-image size-large wp-lightbox-container\"><img  title=\"Protestas de agricultores el 1 de marzo en Zaragoza% \u2013 tractorada_4-1024x683%\" loading=\"lazy\" decoding=\"async\" width=\"1024\" height=\"683\" data-wp-class--hide=\"state.isContentHidden\" data-wp-class--show=\"state.isContentVisible\" data-wp-init=\"callbacks.setButtonStyles\" data-wp-on--click=\"actions.showLightbox\" data-wp-on--load=\"callbacks.setButtonStyles\" data-wp-on-window--resize=\"callbacks.setButtonStyles\" data-id=\"141\" src=\"https:\/\/blog.rsblogging.es\/wp-content\/uploads\/2024\/03\/tractorada_4-1024x683.jpeg\"  alt=\"Foto de Protestas de agricultores el 1 de marzo en Zaragoza% en Blog %\"  class=\"wp-image-141\" srcset=\"https:\/\/blog.rsblogging.es\/wp-content\/uploads\/2024\/03\/tractorada_4-1024x683.jpeg 1024w, https:\/\/blog.rsblogging.es\/wp-content\/uploads\/2024\/03\/tractorada_4-300x200.jpeg 300w, https:\/\/blog.rsblogging.es\/wp-content\/uploads\/2024\/03\/tractorada_4-768x512.jpeg 768w, https:\/\/blog.rsblogging.es\/wp-content\/uploads\/2024\/03\/tractorada_4-1536x1024.jpeg 1536w, https:\/\/blog.rsblogging.es\/wp-content\/uploads\/2024\/03\/tractorada_4.jpeg 1620w\" sizes=\"auto, (max-width: 1024px) 100vw, 1024px\" \/><button\n\t\t\tclass=\"lightbox-trigger\"\n\t\t\ttype=\"button\"\n\t\t\taria-haspopup=\"dialog\"\n\t\t\taria-label=\"Agrandar\"\n\t\t\tdata-wp-init=\"callbacks.initTriggerButton\"\n\t\t\tdata-wp-on--click=\"actions.showLightbox\"\n\t\t\tdata-wp-style--right=\"state.imageButtonRight\"\n\t\t\tdata-wp-style--top=\"state.imageButtonTop\"\n\t\t>\n\t\t\t<svg xmlns=\"http:\/\/www.w3.org\/2000\/svg\" width=\"12\" height=\"12\" fill=\"none\" viewBox=\"0 0 12 12\">\n\t\t\t\t<path fill=\"#fff\" d=\"M2 0a2 2 0 0 0-2 2v2h1.5V2a.5.5 0 0 1 .5-.5h2V0H2Zm2 10.5H2a.5.5 0 0 1-.5-.5V8H0v2a2 2 0 0 0 2 2h2v-1.5ZM8 12v-1.5h2a.5.5 0 0 0 .5-.5V8H12v2a2 2 0 0 1-2 2H8Zm2-12a2 2 0 0 1 2 2v2h-1.5V2a.5.5 0 0 0-.5-.5H8V0h2Z\" \/>\n\t\t\t<\/svg>\n\t\t<\/button><\/figure>\n\n\n\n<figure data-wp-context=\"{&quot;imageId&quot;:&quot;69f4b47dce8bd&quot;}\" data-wp-interactive=\"core\/image\" data-wp-key=\"69f4b47dce8bd\" class=\"wp-block-image size-large wp-lightbox-container\"><img  title=\"Protestas de agricultores el 1 de marzo en Zaragoza% \u2013 tractorada_13-1024x683%\" loading=\"lazy\" decoding=\"async\" width=\"1024\" height=\"683\" data-wp-class--hide=\"state.isContentHidden\" data-wp-class--show=\"state.isContentVisible\" data-wp-init=\"callbacks.setButtonStyles\" data-wp-on--click=\"actions.showLightbox\" data-wp-on--load=\"callbacks.setButtonStyles\" data-wp-on-window--resize=\"callbacks.setButtonStyles\" data-id=\"148\" src=\"https:\/\/blog.rsblogging.es\/wp-content\/uploads\/2024\/03\/tractorada_13-1024x683.jpeg\"  alt=\"Foto de Protestas de agricultores el 1 de marzo en Zaragoza% en Blog %\"  class=\"wp-image-148\" srcset=\"https:\/\/blog.rsblogging.es\/wp-content\/uploads\/2024\/03\/tractorada_13-1024x683.jpeg 1024w, https:\/\/blog.rsblogging.es\/wp-content\/uploads\/2024\/03\/tractorada_13-300x200.jpeg 300w, https:\/\/blog.rsblogging.es\/wp-content\/uploads\/2024\/03\/tractorada_13-768x512.jpeg 768w, https:\/\/blog.rsblogging.es\/wp-content\/uploads\/2024\/03\/tractorada_13-1536x1024.jpeg 1536w, https:\/\/blog.rsblogging.es\/wp-content\/uploads\/2024\/03\/tractorada_13.jpeg 1620w\" sizes=\"auto, (max-width: 1024px) 100vw, 1024px\" \/><button\n\t\t\tclass=\"lightbox-trigger\"\n\t\t\ttype=\"button\"\n\t\t\taria-haspopup=\"dialog\"\n\t\t\taria-label=\"Agrandar\"\n\t\t\tdata-wp-init=\"callbacks.initTriggerButton\"\n\t\t\tdata-wp-on--click=\"actions.showLightbox\"\n\t\t\tdata-wp-style--right=\"state.imageButtonRight\"\n\t\t\tdata-wp-style--top=\"state.imageButtonTop\"\n\t\t>\n\t\t\t<svg xmlns=\"http:\/\/www.w3.org\/2000\/svg\" width=\"12\" height=\"12\" fill=\"none\" viewBox=\"0 0 12 12\">\n\t\t\t\t<path fill=\"#fff\" d=\"M2 0a2 2 0 0 0-2 2v2h1.5V2a.5.5 0 0 1 .5-.5h2V0H2Zm2 10.5H2a.5.5 0 0 1-.5-.5V8H0v2a2 2 0 0 0 2 2h2v-1.5ZM8 12v-1.5h2a.5.5 0 0 0 .5-.5V8H12v2a2 2 0 0 1-2 2H8Zm2-12a2 2 0 0 1 2 2v2h-1.5V2a.5.5 0 0 0-.5-.5H8V0h2Z\" \/>\n\t\t\t<\/svg>\n\t\t<\/button><\/figure>\n\n\n\n<figure data-wp-context=\"{&quot;imageId&quot;:&quot;69f4b47dced79&quot;}\" data-wp-interactive=\"core\/image\" data-wp-key=\"69f4b47dced79\" class=\"wp-block-image size-large wp-lightbox-container\"><img  title=\"Protestas de agricultores el 1 de marzo en Zaragoza% \u2013 tractorada_5-1024x683%\" loading=\"lazy\" decoding=\"async\" width=\"1024\" height=\"683\" data-wp-class--hide=\"state.isContentHidden\" data-wp-class--show=\"state.isContentVisible\" data-wp-init=\"callbacks.setButtonStyles\" data-wp-on--click=\"actions.showLightbox\" data-wp-on--load=\"callbacks.setButtonStyles\" data-wp-on-window--resize=\"callbacks.setButtonStyles\" data-id=\"143\" src=\"https:\/\/blog.rsblogging.es\/wp-content\/uploads\/2024\/03\/tractorada_5-1024x683.jpeg\"  alt=\"Foto de Protestas de agricultores el 1 de marzo en Zaragoza% en Blog %\"  class=\"wp-image-143\" srcset=\"https:\/\/blog.rsblogging.es\/wp-content\/uploads\/2024\/03\/tractorada_5-1024x683.jpeg 1024w, https:\/\/blog.rsblogging.es\/wp-content\/uploads\/2024\/03\/tractorada_5-300x200.jpeg 300w, https:\/\/blog.rsblogging.es\/wp-content\/uploads\/2024\/03\/tractorada_5-768x512.jpeg 768w, https:\/\/blog.rsblogging.es\/wp-content\/uploads\/2024\/03\/tractorada_5-1536x1024.jpeg 1536w, https:\/\/blog.rsblogging.es\/wp-content\/uploads\/2024\/03\/tractorada_5.jpeg 1620w\" sizes=\"auto, (max-width: 1024px) 100vw, 1024px\" \/><button\n\t\t\tclass=\"lightbox-trigger\"\n\t\t\ttype=\"button\"\n\t\t\taria-haspopup=\"dialog\"\n\t\t\taria-label=\"Agrandar\"\n\t\t\tdata-wp-init=\"callbacks.initTriggerButton\"\n\t\t\tdata-wp-on--click=\"actions.showLightbox\"\n\t\t\tdata-wp-style--right=\"state.imageButtonRight\"\n\t\t\tdata-wp-style--top=\"state.imageButtonTop\"\n\t\t>\n\t\t\t<svg xmlns=\"http:\/\/www.w3.org\/2000\/svg\" width=\"12\" height=\"12\" fill=\"none\" viewBox=\"0 0 12 12\">\n\t\t\t\t<path fill=\"#fff\" d=\"M2 0a2 2 0 0 0-2 2v2h1.5V2a.5.5 0 0 1 .5-.5h2V0H2Zm2 10.5H2a.5.5 0 0 1-.5-.5V8H0v2a2 2 0 0 0 2 2h2v-1.5ZM8 12v-1.5h2a.5.5 0 0 0 .5-.5V8H12v2a2 2 0 0 1-2 2H8Zm2-12a2 2 0 0 1 2 2v2h-1.5V2a.5.5 0 0 0-.5-.5H8V0h2Z\" \/>\n\t\t\t<\/svg>\n\t\t<\/button><\/figure>\n\n\n\n<figure data-wp-context=\"{&quot;imageId&quot;:&quot;69f4b47dcf1c2&quot;}\" data-wp-interactive=\"core\/image\" data-wp-key=\"69f4b47dcf1c2\" class=\"wp-block-image size-large wp-lightbox-container\"><img  title=\"Protestas de agricultores el 1 de marzo en Zaragoza% \u2013 tractorada_6-1024x683%\" loading=\"lazy\" decoding=\"async\" width=\"1024\" height=\"683\" data-wp-class--hide=\"state.isContentHidden\" data-wp-class--show=\"state.isContentVisible\" data-wp-init=\"callbacks.setButtonStyles\" data-wp-on--click=\"actions.showLightbox\" data-wp-on--load=\"callbacks.setButtonStyles\" data-wp-on-window--resize=\"callbacks.setButtonStyles\" data-id=\"149\" src=\"https:\/\/blog.rsblogging.es\/wp-content\/uploads\/2024\/03\/tractorada_6-1024x683.jpeg\"  alt=\"Foto de Protestas de agricultores el 1 de marzo en Zaragoza% en Blog %\"  class=\"wp-image-149\" srcset=\"https:\/\/blog.rsblogging.es\/wp-content\/uploads\/2024\/03\/tractorada_6-1024x683.jpeg 1024w, https:\/\/blog.rsblogging.es\/wp-content\/uploads\/2024\/03\/tractorada_6-300x200.jpeg 300w, https:\/\/blog.rsblogging.es\/wp-content\/uploads\/2024\/03\/tractorada_6-768x512.jpeg 768w, https:\/\/blog.rsblogging.es\/wp-content\/uploads\/2024\/03\/tractorada_6-1536x1024.jpeg 1536w, https:\/\/blog.rsblogging.es\/wp-content\/uploads\/2024\/03\/tractorada_6.jpeg 1620w\" sizes=\"auto, (max-width: 1024px) 100vw, 1024px\" \/><button\n\t\t\tclass=\"lightbox-trigger\"\n\t\t\ttype=\"button\"\n\t\t\taria-haspopup=\"dialog\"\n\t\t\taria-label=\"Agrandar\"\n\t\t\tdata-wp-init=\"callbacks.initTriggerButton\"\n\t\t\tdata-wp-on--click=\"actions.showLightbox\"\n\t\t\tdata-wp-style--right=\"state.imageButtonRight\"\n\t\t\tdata-wp-style--top=\"state.imageButtonTop\"\n\t\t>\n\t\t\t<svg xmlns=\"http:\/\/www.w3.org\/2000\/svg\" width=\"12\" height=\"12\" fill=\"none\" viewBox=\"0 0 12 12\">\n\t\t\t\t<path fill=\"#fff\" d=\"M2 0a2 2 0 0 0-2 2v2h1.5V2a.5.5 0 0 1 .5-.5h2V0H2Zm2 10.5H2a.5.5 0 0 1-.5-.5V8H0v2a2 2 0 0 0 2 2h2v-1.5ZM8 12v-1.5h2a.5.5 0 0 0 .5-.5V8H12v2a2 2 0 0 1-2 2H8Zm2-12a2 2 0 0 1 2 2v2h-1.5V2a.5.5 0 0 0-.5-.5H8V0h2Z\" \/>\n\t\t\t<\/svg>\n\t\t<\/button><\/figure>\n\n\n\n<figure data-wp-context=\"{&quot;imageId&quot;:&quot;69f4b47dcf5e9&quot;}\" data-wp-interactive=\"core\/image\" data-wp-key=\"69f4b47dcf5e9\" class=\"wp-block-image size-large wp-lightbox-container\"><img  title=\"Protestas de agricultores el 1 de marzo en Zaragoza% \u2013 tractorada_7-1024x683%\" loading=\"lazy\" decoding=\"async\" width=\"1024\" height=\"683\" data-wp-class--hide=\"state.isContentHidden\" data-wp-class--show=\"state.isContentVisible\" data-wp-init=\"callbacks.setButtonStyles\" data-wp-on--click=\"actions.showLightbox\" data-wp-on--load=\"callbacks.setButtonStyles\" data-wp-on-window--resize=\"callbacks.setButtonStyles\" data-id=\"139\" src=\"https:\/\/blog.rsblogging.es\/wp-content\/uploads\/2024\/03\/tractorada_7-1024x683.jpeg\"  alt=\"Foto de Protestas de agricultores el 1 de marzo en Zaragoza% en Blog %\"  class=\"wp-image-139\" srcset=\"https:\/\/blog.rsblogging.es\/wp-content\/uploads\/2024\/03\/tractorada_7-1024x683.jpeg 1024w, https:\/\/blog.rsblogging.es\/wp-content\/uploads\/2024\/03\/tractorada_7-300x200.jpeg 300w, https:\/\/blog.rsblogging.es\/wp-content\/uploads\/2024\/03\/tractorada_7-768x512.jpeg 768w, https:\/\/blog.rsblogging.es\/wp-content\/uploads\/2024\/03\/tractorada_7-1536x1024.jpeg 1536w, https:\/\/blog.rsblogging.es\/wp-content\/uploads\/2024\/03\/tractorada_7.jpeg 1620w\" sizes=\"auto, (max-width: 1024px) 100vw, 1024px\" \/><button\n\t\t\tclass=\"lightbox-trigger\"\n\t\t\ttype=\"button\"\n\t\t\taria-haspopup=\"dialog\"\n\t\t\taria-label=\"Agrandar\"\n\t\t\tdata-wp-init=\"callbacks.initTriggerButton\"\n\t\t\tdata-wp-on--click=\"actions.showLightbox\"\n\t\t\tdata-wp-style--right=\"state.imageButtonRight\"\n\t\t\tdata-wp-style--top=\"state.imageButtonTop\"\n\t\t>\n\t\t\t<svg xmlns=\"http:\/\/www.w3.org\/2000\/svg\" width=\"12\" height=\"12\" fill=\"none\" viewBox=\"0 0 12 12\">\n\t\t\t\t<path fill=\"#fff\" d=\"M2 0a2 2 0 0 0-2 2v2h1.5V2a.5.5 0 0 1 .5-.5h2V0H2Zm2 10.5H2a.5.5 0 0 1-.5-.5V8H0v2a2 2 0 0 0 2 2h2v-1.5ZM8 12v-1.5h2a.5.5 0 0 0 .5-.5V8H12v2a2 2 0 0 1-2 2H8Zm2-12a2 2 0 0 1 2 2v2h-1.5V2a.5.5 0 0 0-.5-.5H8V0h2Z\" \/>\n\t\t\t<\/svg>\n\t\t<\/button><\/figure>\n\n\n\n<figure data-wp-context=\"{&quot;imageId&quot;:&quot;69f4b47dcf9d2&quot;}\" data-wp-interactive=\"core\/image\" data-wp-key=\"69f4b47dcf9d2\" class=\"wp-block-image size-large wp-lightbox-container\"><img  title=\"Protestas de agricultores el 1 de marzo en Zaragoza% \u2013 tractorada_8-1024x683%\" loading=\"lazy\" decoding=\"async\" width=\"1024\" height=\"683\" data-wp-class--hide=\"state.isContentHidden\" data-wp-class--show=\"state.isContentVisible\" data-wp-init=\"callbacks.setButtonStyles\" data-wp-on--click=\"actions.showLightbox\" data-wp-on--load=\"callbacks.setButtonStyles\" data-wp-on-window--resize=\"callbacks.setButtonStyles\" data-id=\"144\" src=\"https:\/\/blog.rsblogging.es\/wp-content\/uploads\/2024\/03\/tractorada_8-1024x683.jpeg\"  alt=\"Foto de Protestas de agricultores el 1 de marzo en Zaragoza% en Blog %\"  class=\"wp-image-144\" srcset=\"https:\/\/blog.rsblogging.es\/wp-content\/uploads\/2024\/03\/tractorada_8-1024x683.jpeg 1024w, https:\/\/blog.rsblogging.es\/wp-content\/uploads\/2024\/03\/tractorada_8-300x200.jpeg 300w, https:\/\/blog.rsblogging.es\/wp-content\/uploads\/2024\/03\/tractorada_8-768x512.jpeg 768w, https:\/\/blog.rsblogging.es\/wp-content\/uploads\/2024\/03\/tractorada_8-1536x1024.jpeg 1536w, https:\/\/blog.rsblogging.es\/wp-content\/uploads\/2024\/03\/tractorada_8.jpeg 1620w\" sizes=\"auto, (max-width: 1024px) 100vw, 1024px\" \/><button\n\t\t\tclass=\"lightbox-trigger\"\n\t\t\ttype=\"button\"\n\t\t\taria-haspopup=\"dialog\"\n\t\t\taria-label=\"Agrandar\"\n\t\t\tdata-wp-init=\"callbacks.initTriggerButton\"\n\t\t\tdata-wp-on--click=\"actions.showLightbox\"\n\t\t\tdata-wp-style--right=\"state.imageButtonRight\"\n\t\t\tdata-wp-style--top=\"state.imageButtonTop\"\n\t\t>\n\t\t\t<svg xmlns=\"http:\/\/www.w3.org\/2000\/svg\" width=\"12\" height=\"12\" fill=\"none\" viewBox=\"0 0 12 12\">\n\t\t\t\t<path fill=\"#fff\" d=\"M2 0a2 2 0 0 0-2 2v2h1.5V2a.5.5 0 0 1 .5-.5h2V0H2Zm2 10.5H2a.5.5 0 0 1-.5-.5V8H0v2a2 2 0 0 0 2 2h2v-1.5ZM8 12v-1.5h2a.5.5 0 0 0 .5-.5V8H12v2a2 2 0 0 1-2 2H8Zm2-12a2 2 0 0 1 2 2v2h-1.5V2a.5.5 0 0 0-.5-.5H8V0h2Z\" \/>\n\t\t\t<\/svg>\n\t\t<\/button><\/figure>\n\n\n\n<figure data-wp-context=\"{&quot;imageId&quot;:&quot;69f4b47dcfe5c&quot;}\" data-wp-interactive=\"core\/image\" data-wp-key=\"69f4b47dcfe5c\" class=\"wp-block-image size-large wp-lightbox-container\"><img  title=\"Protestas de agricultores el 1 de marzo en Zaragoza% \u2013 tractorada_9-1024x683%\" loading=\"lazy\" decoding=\"async\" width=\"1024\" height=\"683\" data-wp-class--hide=\"state.isContentHidden\" data-wp-class--show=\"state.isContentVisible\" data-wp-init=\"callbacks.setButtonStyles\" data-wp-on--click=\"actions.showLightbox\" data-wp-on--load=\"callbacks.setButtonStyles\" data-wp-on-window--resize=\"callbacks.setButtonStyles\" data-id=\"146\" src=\"https:\/\/blog.rsblogging.es\/wp-content\/uploads\/2024\/03\/tractorada_9-1024x683.jpeg\"  alt=\"Foto de Protestas de agricultores el 1 de marzo en Zaragoza% en Blog %\"  class=\"wp-image-146\" srcset=\"https:\/\/blog.rsblogging.es\/wp-content\/uploads\/2024\/03\/tractorada_9-1024x683.jpeg 1024w, https:\/\/blog.rsblogging.es\/wp-content\/uploads\/2024\/03\/tractorada_9-300x200.jpeg 300w, https:\/\/blog.rsblogging.es\/wp-content\/uploads\/2024\/03\/tractorada_9-768x512.jpeg 768w, https:\/\/blog.rsblogging.es\/wp-content\/uploads\/2024\/03\/tractorada_9-1536x1024.jpeg 1536w, https:\/\/blog.rsblogging.es\/wp-content\/uploads\/2024\/03\/tractorada_9.jpeg 1620w\" sizes=\"auto, (max-width: 1024px) 100vw, 1024px\" \/><button\n\t\t\tclass=\"lightbox-trigger\"\n\t\t\ttype=\"button\"\n\t\t\taria-haspopup=\"dialog\"\n\t\t\taria-label=\"Agrandar\"\n\t\t\tdata-wp-init=\"callbacks.initTriggerButton\"\n\t\t\tdata-wp-on--click=\"actions.showLightbox\"\n\t\t\tdata-wp-style--right=\"state.imageButtonRight\"\n\t\t\tdata-wp-style--top=\"state.imageButtonTop\"\n\t\t>\n\t\t\t<svg xmlns=\"http:\/\/www.w3.org\/2000\/svg\" width=\"12\" height=\"12\" fill=\"none\" viewBox=\"0 0 12 12\">\n\t\t\t\t<path fill=\"#fff\" d=\"M2 0a2 2 0 0 0-2 2v2h1.5V2a.5.5 0 0 1 .5-.5h2V0H2Zm2 10.5H2a.5.5 0 0 1-.5-.5V8H0v2a2 2 0 0 0 2 2h2v-1.5ZM8 12v-1.5h2a.5.5 0 0 0 .5-.5V8H12v2a2 2 0 0 1-2 2H8Zm2-12a2 2 0 0 1 2 2v2h-1.5V2a.5.5 0 0 0-.5-.5H8V0h2Z\" \/>\n\t\t\t<\/svg>\n\t\t<\/button><\/figure>\n\n\n\n<figure data-wp-context=\"{&quot;imageId&quot;:&quot;69f4b47dd0287&quot;}\" data-wp-interactive=\"core\/image\" data-wp-key=\"69f4b47dd0287\" class=\"wp-block-image size-large wp-lightbox-container\"><img  title=\"Protestas de agricultores el 1 de marzo en Zaragoza% \u2013 tractorada_10-1024x683%\" loading=\"lazy\" decoding=\"async\" width=\"1024\" height=\"683\" data-wp-class--hide=\"state.isContentHidden\" data-wp-class--show=\"state.isContentVisible\" data-wp-init=\"callbacks.setButtonStyles\" data-wp-on--click=\"actions.showLightbox\" data-wp-on--load=\"callbacks.setButtonStyles\" data-wp-on-window--resize=\"callbacks.setButtonStyles\" data-id=\"147\" src=\"https:\/\/blog.rsblogging.es\/wp-content\/uploads\/2024\/03\/tractorada_10-1024x683.jpeg\"  alt=\"Foto de Protestas de agricultores el 1 de marzo en Zaragoza% en Blog %\"  class=\"wp-image-147\" srcset=\"https:\/\/blog.rsblogging.es\/wp-content\/uploads\/2024\/03\/tractorada_10-1024x683.jpeg 1024w, https:\/\/blog.rsblogging.es\/wp-content\/uploads\/2024\/03\/tractorada_10-300x200.jpeg 300w, https:\/\/blog.rsblogging.es\/wp-content\/uploads\/2024\/03\/tractorada_10-768x512.jpeg 768w, https:\/\/blog.rsblogging.es\/wp-content\/uploads\/2024\/03\/tractorada_10-1536x1024.jpeg 1536w, https:\/\/blog.rsblogging.es\/wp-content\/uploads\/2024\/03\/tractorada_10.jpeg 1620w\" sizes=\"auto, (max-width: 1024px) 100vw, 1024px\" \/><button\n\t\t\tclass=\"lightbox-trigger\"\n\t\t\ttype=\"button\"\n\t\t\taria-haspopup=\"dialog\"\n\t\t\taria-label=\"Agrandar\"\n\t\t\tdata-wp-init=\"callbacks.initTriggerButton\"\n\t\t\tdata-wp-on--click=\"actions.showLightbox\"\n\t\t\tdata-wp-style--right=\"state.imageButtonRight\"\n\t\t\tdata-wp-style--top=\"state.imageButtonTop\"\n\t\t>\n\t\t\t<svg xmlns=\"http:\/\/www.w3.org\/2000\/svg\" width=\"12\" height=\"12\" fill=\"none\" viewBox=\"0 0 12 12\">\n\t\t\t\t<path fill=\"#fff\" d=\"M2 0a2 2 0 0 0-2 2v2h1.5V2a.5.5 0 0 1 .5-.5h2V0H2Zm2 10.5H2a.5.5 0 0 1-.5-.5V8H0v2a2 2 0 0 0 2 2h2v-1.5ZM8 12v-1.5h2a.5.5 0 0 0 .5-.5V8H12v2a2 2 0 0 1-2 2H8Zm2-12a2 2 0 0 1 2 2v2h-1.5V2a.5.5 0 0 0-.5-.5H8V0h2Z\" \/>\n\t\t\t<\/svg>\n\t\t<\/button><\/figure>\n\n\n\n<figure data-wp-context=\"{&quot;imageId&quot;:&quot;69f4b47dd0710&quot;}\" data-wp-interactive=\"core\/image\" data-wp-key=\"69f4b47dd0710\" class=\"wp-block-image size-large wp-lightbox-container\"><img  title=\"Protestas de agricultores el 1 de marzo en Zaragoza% \u2013 tractorada_11-1024x683%\" loading=\"lazy\" decoding=\"async\" width=\"1024\" height=\"683\" data-wp-class--hide=\"state.isContentHidden\" data-wp-class--show=\"state.isContentVisible\" data-wp-init=\"callbacks.setButtonStyles\" data-wp-on--click=\"actions.showLightbox\" data-wp-on--load=\"callbacks.setButtonStyles\" data-wp-on-window--resize=\"callbacks.setButtonStyles\" data-id=\"138\" src=\"https:\/\/blog.rsblogging.es\/wp-content\/uploads\/2024\/03\/tractorada_11-1024x683.jpeg\"  alt=\"Foto de Protestas de agricultores el 1 de marzo en Zaragoza% en Blog %\"  class=\"wp-image-138\" srcset=\"https:\/\/blog.rsblogging.es\/wp-content\/uploads\/2024\/03\/tractorada_11-1024x683.jpeg 1024w, https:\/\/blog.rsblogging.es\/wp-content\/uploads\/2024\/03\/tractorada_11-300x200.jpeg 300w, https:\/\/blog.rsblogging.es\/wp-content\/uploads\/2024\/03\/tractorada_11-768x512.jpeg 768w, https:\/\/blog.rsblogging.es\/wp-content\/uploads\/2024\/03\/tractorada_11-1536x1024.jpeg 1536w, https:\/\/blog.rsblogging.es\/wp-content\/uploads\/2024\/03\/tractorada_11.jpeg 1620w\" sizes=\"auto, (max-width: 1024px) 100vw, 1024px\" \/><button\n\t\t\tclass=\"lightbox-trigger\"\n\t\t\ttype=\"button\"\n\t\t\taria-haspopup=\"dialog\"\n\t\t\taria-label=\"Agrandar\"\n\t\t\tdata-wp-init=\"callbacks.initTriggerButton\"\n\t\t\tdata-wp-on--click=\"actions.showLightbox\"\n\t\t\tdata-wp-style--right=\"state.imageButtonRight\"\n\t\t\tdata-wp-style--top=\"state.imageButtonTop\"\n\t\t>\n\t\t\t<svg xmlns=\"http:\/\/www.w3.org\/2000\/svg\" width=\"12\" height=\"12\" fill=\"none\" viewBox=\"0 0 12 12\">\n\t\t\t\t<path fill=\"#fff\" d=\"M2 0a2 2 0 0 0-2 2v2h1.5V2a.5.5 0 0 1 .5-.5h2V0H2Zm2 10.5H2a.5.5 0 0 1-.5-.5V8H0v2a2 2 0 0 0 2 2h2v-1.5ZM8 12v-1.5h2a.5.5 0 0 0 .5-.5V8H12v2a2 2 0 0 1-2 2H8Zm2-12a2 2 0 0 1 2 2v2h-1.5V2a.5.5 0 0 0-.5-.5H8V0h2Z\" \/>\n\t\t\t<\/svg>\n\t\t<\/button><\/figure>\n\n\n\n<figure data-wp-context=\"{&quot;imageId&quot;:&quot;69f4b47dd0aef&quot;}\" data-wp-interactive=\"core\/image\" data-wp-key=\"69f4b47dd0aef\" class=\"wp-block-image size-large wp-lightbox-container\"><img  title=\"Protestas de agricultores el 1 de marzo en Zaragoza% \u2013 tractorada_1-1024x683%\" loading=\"lazy\" decoding=\"async\" width=\"1024\" height=\"683\" data-wp-class--hide=\"state.isContentHidden\" data-wp-class--show=\"state.isContentVisible\" data-wp-init=\"callbacks.setButtonStyles\" data-wp-on--click=\"actions.showLightbox\" data-wp-on--load=\"callbacks.setButtonStyles\" data-wp-on-window--resize=\"callbacks.setButtonStyles\" data-id=\"137\" src=\"https:\/\/blog.rsblogging.es\/wp-content\/uploads\/2024\/03\/tractorada_1-1024x683.jpeg\"  alt=\"Foto de Protestas de agricultores el 1 de marzo en Zaragoza% en Blog %\"  class=\"wp-image-137\" srcset=\"https:\/\/blog.rsblogging.es\/wp-content\/uploads\/2024\/03\/tractorada_1-1024x683.jpeg 1024w, https:\/\/blog.rsblogging.es\/wp-content\/uploads\/2024\/03\/tractorada_1-300x200.jpeg 300w, https:\/\/blog.rsblogging.es\/wp-content\/uploads\/2024\/03\/tractorada_1-768x512.jpeg 768w, https:\/\/blog.rsblogging.es\/wp-content\/uploads\/2024\/03\/tractorada_1-1536x1024.jpeg 1536w, https:\/\/blog.rsblogging.es\/wp-content\/uploads\/2024\/03\/tractorada_1.jpeg 1620w\" sizes=\"auto, (max-width: 1024px) 100vw, 1024px\" \/><button\n\t\t\tclass=\"lightbox-trigger\"\n\t\t\ttype=\"button\"\n\t\t\taria-haspopup=\"dialog\"\n\t\t\taria-label=\"Agrandar\"\n\t\t\tdata-wp-init=\"callbacks.initTriggerButton\"\n\t\t\tdata-wp-on--click=\"actions.showLightbox\"\n\t\t\tdata-wp-style--right=\"state.imageButtonRight\"\n\t\t\tdata-wp-style--top=\"state.imageButtonTop\"\n\t\t>\n\t\t\t<svg xmlns=\"http:\/\/www.w3.org\/2000\/svg\" width=\"12\" height=\"12\" fill=\"none\" viewBox=\"0 0 12 12\">\n\t\t\t\t<path fill=\"#fff\" d=\"M2 0a2 2 0 0 0-2 2v2h1.5V2a.5.5 0 0 1 .5-.5h2V0H2Zm2 10.5H2a.5.5 0 0 1-.5-.5V8H0v2a2 2 0 0 0 2 2h2v-1.5ZM8 12v-1.5h2a.5.5 0 0 0 .5-.5V8H12v2a2 2 0 0 1-2 2H8Zm2-12a2 2 0 0 1 2 2v2h-1.5V2a.5.5 0 0 0-.5-.5H8V0h2Z\" \/>\n\t\t\t<\/svg>\n\t\t<\/button><\/figure>\n\n\n\n<figure data-wp-context=\"{&quot;imageId&quot;:&quot;69f4b47dd0f19&quot;}\" data-wp-interactive=\"core\/image\" data-wp-key=\"69f4b47dd0f19\" class=\"wp-block-image size-large wp-lightbox-container\"><img  title=\"Protestas de agricultores el 1 de marzo en Zaragoza% \u2013 tractorada_2-1024x683%\" loading=\"lazy\" decoding=\"async\" width=\"1024\" height=\"683\" data-wp-class--hide=\"state.isContentHidden\" data-wp-class--show=\"state.isContentVisible\" data-wp-init=\"callbacks.setButtonStyles\" data-wp-on--click=\"actions.showLightbox\" data-wp-on--load=\"callbacks.setButtonStyles\" data-wp-on-window--resize=\"callbacks.setButtonStyles\" data-id=\"140\" src=\"https:\/\/blog.rsblogging.es\/wp-content\/uploads\/2024\/03\/tractorada_2-1024x683.jpeg\"  alt=\"Foto de Protestas de agricultores el 1 de marzo en Zaragoza% en Blog %\"  class=\"wp-image-140\" srcset=\"https:\/\/blog.rsblogging.es\/wp-content\/uploads\/2024\/03\/tractorada_2-1024x683.jpeg 1024w, https:\/\/blog.rsblogging.es\/wp-content\/uploads\/2024\/03\/tractorada_2-300x200.jpeg 300w, https:\/\/blog.rsblogging.es\/wp-content\/uploads\/2024\/03\/tractorada_2-768x512.jpeg 768w, https:\/\/blog.rsblogging.es\/wp-content\/uploads\/2024\/03\/tractorada_2-1536x1024.jpeg 1536w, https:\/\/blog.rsblogging.es\/wp-content\/uploads\/2024\/03\/tractorada_2.jpeg 1620w\" sizes=\"auto, (max-width: 1024px) 100vw, 1024px\" \/><button\n\t\t\tclass=\"lightbox-trigger\"\n\t\t\ttype=\"button\"\n\t\t\taria-haspopup=\"dialog\"\n\t\t\taria-label=\"Agrandar\"\n\t\t\tdata-wp-init=\"callbacks.initTriggerButton\"\n\t\t\tdata-wp-on--click=\"actions.showLightbox\"\n\t\t\tdata-wp-style--right=\"state.imageButtonRight\"\n\t\t\tdata-wp-style--top=\"state.imageButtonTop\"\n\t\t>\n\t\t\t<svg xmlns=\"http:\/\/www.w3.org\/2000\/svg\" width=\"12\" height=\"12\" fill=\"none\" viewBox=\"0 0 12 12\">\n\t\t\t\t<path fill=\"#fff\" d=\"M2 0a2 2 0 0 0-2 2v2h1.5V2a.5.5 0 0 1 .5-.5h2V0H2Zm2 10.5H2a.5.5 0 0 1-.5-.5V8H0v2a2 2 0 0 0 2 2h2v-1.5ZM8 12v-1.5h2a.5.5 0 0 0 .5-.5V8H12v2a2 2 0 0 1-2 2H8Zm2-12a2 2 0 0 1 2 2v2h-1.5V2a.5.5 0 0 0-.5-.5H8V0h2Z\" \/>\n\t\t\t<\/svg>\n\t\t<\/button><\/figure>\n<\/figure>\n\n\n\n\n<script>\n  document.addEventListener('contextmenu', event => event.preventDefault());\n<\/script>\n","protected":false},"excerpt":{"rendered":"<p>El \u00a01 de marzo, los agricultores de Zaragoza se unieron en una protesta para expresar su descontento y exigir soluciones a los problemas que enfrenta el sector agr\u00edcola. Estas protestas son una respuesta a las dificultades a las que se enfrentan los agricultores en la actualidad. Entre los principales problemas se encuentran los bajos precios [&hellip;]<\/p>\n","protected":false},"author":1,"featured_media":149,"comment_status":"open","ping_status":"open","sticky":false,"template":"","format":"standard","meta":{"site-container-style":"default","site-container-layout":"default","site-sidebar-layout":"default","disable-article-header":"default","disable-site-header":"default","disable-site-footer":"default","disable-content-area-spacing":"default","footnotes":""},"categories":[1],"tags":[34,40,35,38,37,36,39],"class_list":["post-136","post","type-post","status-publish","format-standard","has-post-thumbnail","hentry","category-blog","tag-agricultores","tag-aragon","tag-protesta","tag-rs-blogging","tag-rsblogging","tag-sector-agricola","tag-zaragoza"],"yoast_head":"<!-- This site is optimized with the Yoast SEO plugin v27.4 - https:\/\/yoast.com\/product\/yoast-seo-wordpress\/ -->\n<title>Protestas de agricultores el 1 de marzo en Zaragoza - FOTOPERIODISMO Y OPINION<\/title>\n<meta name=\"robots\" content=\"index, follow, max-snippet:-1, max-image-preview:large, max-video-preview:-1\" \/>\n<link rel=\"canonical\" href=\"https:\/\/blog.rsblogging.es\/index.php\/2024\/03\/03\/protestas-de-agricultores-el-1-de-marzo-en-zaragoza\/\" \/>\n<meta property=\"og:locale\" content=\"es_ES\" \/>\n<meta property=\"og:type\" content=\"article\" \/>\n<meta property=\"og:title\" content=\"Protestas de agricultores el 1 de marzo en Zaragoza - FOTOPERIODISMO Y OPINION\" \/>\n<meta property=\"og:description\" content=\"El \u00a01 de marzo, los agricultores de Zaragoza se unieron en una protesta para expresar su descontento y exigir soluciones a los problemas que enfrenta el sector agr\u00edcola. Estas protestas son una respuesta a las dificultades a las que se enfrentan los agricultores en la actualidad. Entre los principales problemas se encuentran los bajos precios [&hellip;]\" \/>\n<meta property=\"og:url\" content=\"https:\/\/blog.rsblogging.es\/index.php\/2024\/03\/03\/protestas-de-agricultores-el-1-de-marzo-en-zaragoza\/\" \/>\n<meta property=\"og:site_name\" content=\"FOTOPERIODISMO Y OPINION\" \/>\n<meta property=\"article:published_time\" content=\"2024-03-03T09:51:24+00:00\" \/>\n<meta property=\"article:modified_time\" content=\"2025-05-28T06:35:49+00:00\" \/>\n<meta property=\"og:image\" content=\"https:\/\/blog.rsblogging.es\/wp-content\/uploads\/2024\/03\/tractorada_6.jpeg\" \/>\n\t<meta property=\"og:image:width\" content=\"1620\" \/>\n\t<meta property=\"og:image:height\" content=\"1080\" \/>\n\t<meta property=\"og:image:type\" content=\"image\/jpeg\" \/>\n<meta name=\"author\" content=\"rsblogging\" \/>\n<meta name=\"twitter:card\" content=\"summary_large_image\" \/>\n<meta name=\"twitter:label1\" content=\"Escrito por\" \/>\n\t<meta name=\"twitter:data1\" content=\"rsblogging\" \/>\n\t<meta name=\"twitter:label2\" content=\"Tiempo de lectura\" \/>\n\t<meta name=\"twitter:data2\" content=\"5 minutos\" \/>\n<script type=\"application\/ld+json\" class=\"yoast-schema-graph\">{\"@context\":\"https:\\\/\\\/schema.org\",\"@graph\":[{\"@type\":\"Article\",\"@id\":\"https:\\\/\\\/blog.rsblogging.es\\\/index.php\\\/2024\\\/03\\\/03\\\/protestas-de-agricultores-el-1-de-marzo-en-zaragoza\\\/#article\",\"isPartOf\":{\"@id\":\"https:\\\/\\\/blog.rsblogging.es\\\/index.php\\\/2024\\\/03\\\/03\\\/protestas-de-agricultores-el-1-de-marzo-en-zaragoza\\\/\"},\"author\":{\"name\":\"rsblogging\",\"@id\":\"https:\\\/\\\/blog.rsblogging.es\\\/#\\\/schema\\\/person\\\/81b8a260829271f88db77b27493f07bc\"},\"headline\":\"Protestas de agricultores el 1 de marzo en Zaragoza\",\"datePublished\":\"2024-03-03T09:51:24+00:00\",\"dateModified\":\"2025-05-28T06:35:49+00:00\",\"mainEntityOfPage\":{\"@id\":\"https:\\\/\\\/blog.rsblogging.es\\\/index.php\\\/2024\\\/03\\\/03\\\/protestas-de-agricultores-el-1-de-marzo-en-zaragoza\\\/\"},\"wordCount\":302,\"commentCount\":0,\"image\":{\"@id\":\"https:\\\/\\\/blog.rsblogging.es\\\/index.php\\\/2024\\\/03\\\/03\\\/protestas-de-agricultores-el-1-de-marzo-en-zaragoza\\\/#primaryimage\"},\"thumbnailUrl\":\"https:\\\/\\\/blog.rsblogging.es\\\/wp-content\\\/uploads\\\/2024\\\/03\\\/tractorada_6.jpeg\",\"keywords\":[\"agricultores\",\"aragon\",\"protesta\",\"rs blogging\",\"rsblogging\",\"sector agr\u00edcola\",\"zaragoza\"],\"articleSection\":[\"Blog\"],\"inLanguage\":\"es\",\"potentialAction\":[{\"@type\":\"CommentAction\",\"name\":\"Comment\",\"target\":[\"https:\\\/\\\/blog.rsblogging.es\\\/index.php\\\/2024\\\/03\\\/03\\\/protestas-de-agricultores-el-1-de-marzo-en-zaragoza\\\/#respond\"]}]},{\"@type\":\"WebPage\",\"@id\":\"https:\\\/\\\/blog.rsblogging.es\\\/index.php\\\/2024\\\/03\\\/03\\\/protestas-de-agricultores-el-1-de-marzo-en-zaragoza\\\/\",\"url\":\"https:\\\/\\\/blog.rsblogging.es\\\/index.php\\\/2024\\\/03\\\/03\\\/protestas-de-agricultores-el-1-de-marzo-en-zaragoza\\\/\",\"name\":\"Protestas de agricultores el 1 de marzo en Zaragoza - FOTOPERIODISMO Y OPINION\",\"isPartOf\":{\"@id\":\"https:\\\/\\\/blog.rsblogging.es\\\/#website\"},\"primaryImageOfPage\":{\"@id\":\"https:\\\/\\\/blog.rsblogging.es\\\/index.php\\\/2024\\\/03\\\/03\\\/protestas-de-agricultores-el-1-de-marzo-en-zaragoza\\\/#primaryimage\"},\"image\":{\"@id\":\"https:\\\/\\\/blog.rsblogging.es\\\/index.php\\\/2024\\\/03\\\/03\\\/protestas-de-agricultores-el-1-de-marzo-en-zaragoza\\\/#primaryimage\"},\"thumbnailUrl\":\"https:\\\/\\\/blog.rsblogging.es\\\/wp-content\\\/uploads\\\/2024\\\/03\\\/tractorada_6.jpeg\",\"datePublished\":\"2024-03-03T09:51:24+00:00\",\"dateModified\":\"2025-05-28T06:35:49+00:00\",\"author\":{\"@id\":\"https:\\\/\\\/blog.rsblogging.es\\\/#\\\/schema\\\/person\\\/81b8a260829271f88db77b27493f07bc\"},\"breadcrumb\":{\"@id\":\"https:\\\/\\\/blog.rsblogging.es\\\/index.php\\\/2024\\\/03\\\/03\\\/protestas-de-agricultores-el-1-de-marzo-en-zaragoza\\\/#breadcrumb\"},\"inLanguage\":\"es\",\"potentialAction\":[{\"@type\":\"ReadAction\",\"target\":[\"https:\\\/\\\/blog.rsblogging.es\\\/index.php\\\/2024\\\/03\\\/03\\\/protestas-de-agricultores-el-1-de-marzo-en-zaragoza\\\/\"]}]},{\"@type\":\"ImageObject\",\"inLanguage\":\"es\",\"@id\":\"https:\\\/\\\/blog.rsblogging.es\\\/index.php\\\/2024\\\/03\\\/03\\\/protestas-de-agricultores-el-1-de-marzo-en-zaragoza\\\/#primaryimage\",\"url\":\"https:\\\/\\\/blog.rsblogging.es\\\/wp-content\\\/uploads\\\/2024\\\/03\\\/tractorada_6.jpeg\",\"contentUrl\":\"https:\\\/\\\/blog.rsblogging.es\\\/wp-content\\\/uploads\\\/2024\\\/03\\\/tractorada_6.jpeg\",\"width\":1620,\"height\":1080},{\"@type\":\"BreadcrumbList\",\"@id\":\"https:\\\/\\\/blog.rsblogging.es\\\/index.php\\\/2024\\\/03\\\/03\\\/protestas-de-agricultores-el-1-de-marzo-en-zaragoza\\\/#breadcrumb\",\"itemListElement\":[{\"@type\":\"ListItem\",\"position\":1,\"name\":\"Portada\",\"item\":\"https:\\\/\\\/blog.rsblogging.es\\\/\"},{\"@type\":\"ListItem\",\"position\":2,\"name\":\"Protestas de agricultores el 1 de marzo en Zaragoza\"}]},{\"@type\":\"WebSite\",\"@id\":\"https:\\\/\\\/blog.rsblogging.es\\\/#website\",\"url\":\"https:\\\/\\\/blog.rsblogging.es\\\/\",\"name\":\"FOTOPERIODISMO Y OPINION\",\"description\":\"\",\"potentialAction\":[{\"@type\":\"SearchAction\",\"target\":{\"@type\":\"EntryPoint\",\"urlTemplate\":\"https:\\\/\\\/blog.rsblogging.es\\\/?s={search_term_string}\"},\"query-input\":{\"@type\":\"PropertyValueSpecification\",\"valueRequired\":true,\"valueName\":\"search_term_string\"}}],\"inLanguage\":\"es\"},{\"@type\":\"Person\",\"@id\":\"https:\\\/\\\/blog.rsblogging.es\\\/#\\\/schema\\\/person\\\/81b8a260829271f88db77b27493f07bc\",\"name\":\"rsblogging\",\"image\":{\"@type\":\"ImageObject\",\"inLanguage\":\"es\",\"@id\":\"https:\\\/\\\/secure.gravatar.com\\\/avatar\\\/50a391fe2508b61a0d6ac811ee28c43a621a9597c41a9bd32c7ce05f5b55103a?s=96&d=mm&r=g\",\"url\":\"https:\\\/\\\/secure.gravatar.com\\\/avatar\\\/50a391fe2508b61a0d6ac811ee28c43a621a9597c41a9bd32c7ce05f5b55103a?s=96&d=mm&r=g\",\"contentUrl\":\"https:\\\/\\\/secure.gravatar.com\\\/avatar\\\/50a391fe2508b61a0d6ac811ee28c43a621a9597c41a9bd32c7ce05f5b55103a?s=96&d=mm&r=g\",\"caption\":\"rsblogging\"},\"sameAs\":[\"https:\\\/\\\/blog.rsblogging.es\"],\"url\":\"https:\\\/\\\/blog.rsblogging.es\\\/index.php\\\/author\\\/rsblogging\\\/\"}]}<\/script>\n<!-- \/ Yoast SEO plugin. -->","yoast_head_json":{"title":"Protestas de agricultores el 1 de marzo en Zaragoza - FOTOPERIODISMO Y OPINION","robots":{"index":"index","follow":"follow","max-snippet":"max-snippet:-1","max-image-preview":"max-image-preview:large","max-video-preview":"max-video-preview:-1"},"canonical":"https:\/\/blog.rsblogging.es\/index.php\/2024\/03\/03\/protestas-de-agricultores-el-1-de-marzo-en-zaragoza\/","og_locale":"es_ES","og_type":"article","og_title":"Protestas de agricultores el 1 de marzo en Zaragoza - FOTOPERIODISMO Y OPINION","og_description":"El \u00a01 de marzo, los agricultores de Zaragoza se unieron en una protesta para expresar su descontento y exigir soluciones a los problemas que enfrenta el sector agr\u00edcola. Estas protestas son una respuesta a las dificultades a las que se enfrentan los agricultores en la actualidad. Entre los principales problemas se encuentran los bajos precios [&hellip;]","og_url":"https:\/\/blog.rsblogging.es\/index.php\/2024\/03\/03\/protestas-de-agricultores-el-1-de-marzo-en-zaragoza\/","og_site_name":"FOTOPERIODISMO Y OPINION","article_published_time":"2024-03-03T09:51:24+00:00","article_modified_time":"2025-05-28T06:35:49+00:00","og_image":[{"width":1620,"height":1080,"url":"https:\/\/blog.rsblogging.es\/wp-content\/uploads\/2024\/03\/tractorada_6.jpeg","type":"image\/jpeg"}],"author":"rsblogging","twitter_card":"summary_large_image","twitter_misc":{"Escrito por":"rsblogging","Tiempo de lectura":"5 minutos"},"schema":{"@context":"https:\/\/schema.org","@graph":[{"@type":"Article","@id":"https:\/\/blog.rsblogging.es\/index.php\/2024\/03\/03\/protestas-de-agricultores-el-1-de-marzo-en-zaragoza\/#article","isPartOf":{"@id":"https:\/\/blog.rsblogging.es\/index.php\/2024\/03\/03\/protestas-de-agricultores-el-1-de-marzo-en-zaragoza\/"},"author":{"name":"rsblogging","@id":"https:\/\/blog.rsblogging.es\/#\/schema\/person\/81b8a260829271f88db77b27493f07bc"},"headline":"Protestas de agricultores el 1 de marzo en Zaragoza","datePublished":"2024-03-03T09:51:24+00:00","dateModified":"2025-05-28T06:35:49+00:00","mainEntityOfPage":{"@id":"https:\/\/blog.rsblogging.es\/index.php\/2024\/03\/03\/protestas-de-agricultores-el-1-de-marzo-en-zaragoza\/"},"wordCount":302,"commentCount":0,"image":{"@id":"https:\/\/blog.rsblogging.es\/index.php\/2024\/03\/03\/protestas-de-agricultores-el-1-de-marzo-en-zaragoza\/#primaryimage"},"thumbnailUrl":"https:\/\/blog.rsblogging.es\/wp-content\/uploads\/2024\/03\/tractorada_6.jpeg","keywords":["agricultores","aragon","protesta","rs blogging","rsblogging","sector agr\u00edcola","zaragoza"],"articleSection":["Blog"],"inLanguage":"es","potentialAction":[{"@type":"CommentAction","name":"Comment","target":["https:\/\/blog.rsblogging.es\/index.php\/2024\/03\/03\/protestas-de-agricultores-el-1-de-marzo-en-zaragoza\/#respond"]}]},{"@type":"WebPage","@id":"https:\/\/blog.rsblogging.es\/index.php\/2024\/03\/03\/protestas-de-agricultores-el-1-de-marzo-en-zaragoza\/","url":"https:\/\/blog.rsblogging.es\/index.php\/2024\/03\/03\/protestas-de-agricultores-el-1-de-marzo-en-zaragoza\/","name":"Protestas de agricultores el 1 de marzo en Zaragoza - FOTOPERIODISMO Y OPINION","isPartOf":{"@id":"https:\/\/blog.rsblogging.es\/#website"},"primaryImageOfPage":{"@id":"https:\/\/blog.rsblogging.es\/index.php\/2024\/03\/03\/protestas-de-agricultores-el-1-de-marzo-en-zaragoza\/#primaryimage"},"image":{"@id":"https:\/\/blog.rsblogging.es\/index.php\/2024\/03\/03\/protestas-de-agricultores-el-1-de-marzo-en-zaragoza\/#primaryimage"},"thumbnailUrl":"https:\/\/blog.rsblogging.es\/wp-content\/uploads\/2024\/03\/tractorada_6.jpeg","datePublished":"2024-03-03T09:51:24+00:00","dateModified":"2025-05-28T06:35:49+00:00","author":{"@id":"https:\/\/blog.rsblogging.es\/#\/schema\/person\/81b8a260829271f88db77b27493f07bc"},"breadcrumb":{"@id":"https:\/\/blog.rsblogging.es\/index.php\/2024\/03\/03\/protestas-de-agricultores-el-1-de-marzo-en-zaragoza\/#breadcrumb"},"inLanguage":"es","potentialAction":[{"@type":"ReadAction","target":["https:\/\/blog.rsblogging.es\/index.php\/2024\/03\/03\/protestas-de-agricultores-el-1-de-marzo-en-zaragoza\/"]}]},{"@type":"ImageObject","inLanguage":"es","@id":"https:\/\/blog.rsblogging.es\/index.php\/2024\/03\/03\/protestas-de-agricultores-el-1-de-marzo-en-zaragoza\/#primaryimage","url":"https:\/\/blog.rsblogging.es\/wp-content\/uploads\/2024\/03\/tractorada_6.jpeg","contentUrl":"https:\/\/blog.rsblogging.es\/wp-content\/uploads\/2024\/03\/tractorada_6.jpeg","width":1620,"height":1080},{"@type":"BreadcrumbList","@id":"https:\/\/blog.rsblogging.es\/index.php\/2024\/03\/03\/protestas-de-agricultores-el-1-de-marzo-en-zaragoza\/#breadcrumb","itemListElement":[{"@type":"ListItem","position":1,"name":"Portada","item":"https:\/\/blog.rsblogging.es\/"},{"@type":"ListItem","position":2,"name":"Protestas de agricultores el 1 de marzo en Zaragoza"}]},{"@type":"WebSite","@id":"https:\/\/blog.rsblogging.es\/#website","url":"https:\/\/blog.rsblogging.es\/","name":"FOTOPERIODISMO Y OPINION","description":"","potentialAction":[{"@type":"SearchAction","target":{"@type":"EntryPoint","urlTemplate":"https:\/\/blog.rsblogging.es\/?s={search_term_string}"},"query-input":{"@type":"PropertyValueSpecification","valueRequired":true,"valueName":"search_term_string"}}],"inLanguage":"es"},{"@type":"Person","@id":"https:\/\/blog.rsblogging.es\/#\/schema\/person\/81b8a260829271f88db77b27493f07bc","name":"rsblogging","image":{"@type":"ImageObject","inLanguage":"es","@id":"https:\/\/secure.gravatar.com\/avatar\/50a391fe2508b61a0d6ac811ee28c43a621a9597c41a9bd32c7ce05f5b55103a?s=96&d=mm&r=g","url":"https:\/\/secure.gravatar.com\/avatar\/50a391fe2508b61a0d6ac811ee28c43a621a9597c41a9bd32c7ce05f5b55103a?s=96&d=mm&r=g","contentUrl":"https:\/\/secure.gravatar.com\/avatar\/50a391fe2508b61a0d6ac811ee28c43a621a9597c41a9bd32c7ce05f5b55103a?s=96&d=mm&r=g","caption":"rsblogging"},"sameAs":["https:\/\/blog.rsblogging.es"],"url":"https:\/\/blog.rsblogging.es\/index.php\/author\/rsblogging\/"}]}},"_links":{"self":[{"href":"https:\/\/blog.rsblogging.es\/index.php\/wp-json\/wp\/v2\/posts\/136","targetHints":{"allow":["GET"]}}],"collection":[{"href":"https:\/\/blog.rsblogging.es\/index.php\/wp-json\/wp\/v2\/posts"}],"about":[{"href":"https:\/\/blog.rsblogging.es\/index.php\/wp-json\/wp\/v2\/types\/post"}],"author":[{"embeddable":true,"href":"https:\/\/blog.rsblogging.es\/index.php\/wp-json\/wp\/v2\/users\/1"}],"replies":[{"embeddable":true,"href":"https:\/\/blog.rsblogging.es\/index.php\/wp-json\/wp\/v2\/comments?post=136"}],"version-history":[{"count":2,"href":"https:\/\/blog.rsblogging.es\/index.php\/wp-json\/wp\/v2\/posts\/136\/revisions"}],"predecessor-version":[{"id":571,"href":"https:\/\/blog.rsblogging.es\/index.php\/wp-json\/wp\/v2\/posts\/136\/revisions\/571"}],"wp:featuredmedia":[{"embeddable":true,"href":"https:\/\/blog.rsblogging.es\/index.php\/wp-json\/wp\/v2\/media\/149"}],"wp:attachment":[{"href":"https:\/\/blog.rsblogging.es\/index.php\/wp-json\/wp\/v2\/media?parent=136"}],"wp:term":[{"taxonomy":"category","embeddable":true,"href":"https:\/\/blog.rsblogging.es\/index.php\/wp-json\/wp\/v2\/categories?post=136"},{"taxonomy":"post_tag","embeddable":true,"href":"https:\/\/blog.rsblogging.es\/index.php\/wp-json\/wp\/v2\/tags?post=136"}],"curies":[{"name":"wp","href":"https:\/\/api.w.org\/{rel}","templated":true}]}}